{"id":1713,"date":"2022-12-22T14:45:20","date_gmt":"2022-12-22T13:45:20","guid":{"rendered":"https:\/\/feuerwehr-egeln.de\/?p=1713"},"modified":"2022-12-22T14:45:22","modified_gmt":"2022-12-22T13:45:22","slug":"lebendiger-adventskalender-bei-der-feuerwehr-egeln","status":"publish","type":"post","link":"https:\/\/feuerwehr-egeln.de\/?p=1713","title":{"rendered":"Lebendiger Adventskalender bei der Feuerwehr Egeln"},"content":{"rendered":"\n<p class=\"wp-block-paragraph\">Der lebendige Adventskalender hat in Egeln schon Tradition: Privatpersonen, \u00f6ffentliche Einrichtungen und Vereine laden die Bev\u00f6lkerung zum Singen von Weihnachtsliedern ein. Nach der Coronapause wurde diese sch\u00f6ne Tradition zu neuem Leben erweckt. Auch bei der Feuerwehr Egeln und beim Verein zur F\u00f6rderung des Brandschutzes in der Stadt Egeln wurde Station gemacht. <\/p>\n\n\n\n<p class=\"wp-block-paragraph\">Am Freitagabend des 16. Dezember 2022 trafen sich rund 50 B\u00fcrgerinnen und B\u00fcrger, Feuerwehrkameradinnen und -kameraden sowie Vereinsmitglieder und stimmten gemeinsam Weihnachtslieder an. Es gab dazu Punsch f\u00fcr Gro\u00df und Klein und hei\u00dfen Kakao.  <\/p>\n\n\n\n<p class=\"wp-block-paragraph\">Mehrere Mitglieder des Egelner Kammerchores &#8222;Young Voices&#8220; unterst\u00fctzten den Gesang professionell. Die Stimmung weihnachtlich und spontan konnte der F\u00f6rderverein der Feuerwehr Egeln drei neue Mitglieder hinzugewinnen! Ein gelungener Abend, der mit einer kleinen Weihnachtsfeier der Feuerwehr Egeln ausklang. <\/p>\n ","protected":false},"excerpt":{"rendered":"<p>Der lebendige Adventskalender hat in Egeln schon Tradition: Privatpersonen, \u00f6ffentliche Einrichtungen und Vereine laden die Bev\u00f6lkerung zum Singen von Weihnachtsliedern ein. Nach der Coronapause wurde diese sch\u00f6ne Tradition zu neuem Leben erweckt. Auch bei der Feuerwehr Egeln und beim Verein zur F\u00f6rderung des Brandschutzes in der Stadt Egeln wurde Station gemacht. Am Freitagabend des 16. Dezember 2022 trafen sich rund&#8230;<\/p>\n","protected":false},"author":1,"featured_media":1717,"comment_status":"closed","ping_status":"closed","sticky":false,"template":"","format":"standard","meta":{"_acf_changed":false,"pgc_sgb_lightbox_settings":"","footnotes":""},"categories":[1,15],"tags":[],"class_list":["post-1713","post","type-post","status-publish","format-standard","has-post-thumbnail","hentry","category-aktuelles","category-akuelles-foerderverein"],"acf":[],"_links":{"self":[{"href":"https:\/\/feuerwehr-egeln.de\/index.php?rest_route=\/wp\/v2\/posts\/1713","targetHints":{"allow":["GET"]}}],"collection":[{"href":"https:\/\/feuerwehr-egeln.de\/index.php?rest_route=\/wp\/v2\/posts"}],"about":[{"href":"https:\/\/feuerwehr-egeln.de\/index.php?rest_route=\/wp\/v2\/types\/post"}],"author":[{"embeddable":true,"href":"https:\/\/feuerwehr-egeln.de\/index.php?rest_route=\/wp\/v2\/users\/1"}],"replies":[{"embeddable":true,"href":"https:\/\/feuerwehr-egeln.de\/index.php?rest_route=%2Fwp%2Fv2%2Fcomments&post=1713"}],"version-history":[{"count":6,"href":"https:\/\/feuerwehr-egeln.de\/index.php?rest_route=\/wp\/v2\/posts\/1713\/revisions"}],"predecessor-version":[{"id":1728,"href":"https:\/\/feuerwehr-egeln.de\/index.php?rest_route=\/wp\/v2\/posts\/1713\/revisions\/1728"}],"wp:featuredmedia":[{"embeddable":true,"href":"https:\/\/feuerwehr-egeln.de\/index.php?rest_route=\/wp\/v2\/media\/1717"}],"wp:attachment":[{"href":"https:\/\/feuerwehr-egeln.de\/index.php?rest_route=%2Fwp%2Fv2%2Fmedia&parent=1713"}],"wp:term":[{"taxonomy":"category","embeddable":true,"href":"https:\/\/feuerwehr-egeln.de\/index.php?rest_route=%2Fwp%2Fv2%2Fcategories&post=1713"},{"taxonomy":"post_tag","embeddable":true,"href":"https:\/\/feuerwehr-egeln.de\/index.php?rest_route=%2Fwp%2Fv2%2Ftags&post=1713"}],"curies":[{"name":"wp","href":"https:\/\/api.w.org\/{rel}","templated":true}]}}