{"id":2330,"date":"2024-09-10T16:43:12","date_gmt":"2024-09-10T14:43:12","guid":{"rendered":"https:\/\/feuerwehr-egeln.de\/?p=2330"},"modified":"2024-11-06T11:04:02","modified_gmt":"2024-11-06T10:04:02","slug":"wir-haben-unsere-tore-und-tueren-aufgemacht-ein-schoener-tag-bei-der-feuerwehr-egeln","status":"publish","type":"post","link":"https:\/\/feuerwehr-egeln.de\/?p=2330","title":{"rendered":"Wir haben unsere Tore und T\u00fcren aufgemacht: Ein sch\u00f6ner Tag bei der Feuerwehr Egeln"},"content":{"rendered":"<div class=\"wpb-content-wrapper\"><p>[vc_row][vc_column][vc_column_text]<\/p>\n<p>Es ist nun schon wieder ein paar Tage her, dass wir am Samstag den 31. August 2024 einen Tag der offenen T\u00fcr in der Feuerwache in der Worthstra\u00dfe durchgef\u00fchrt haben. Zahlreiche B\u00fcrgerinnen und B\u00fcrger und vor allem viele Kinder sind unserem Aufruf gefolgt und haben einen sch\u00f6nen Tag bei ihrer Feuerwehr verbracht. An Programm wurden eine Menge Punkte geboten, und die Feuerwehrtechnik stand den ganzen Tag zum Anfassen und Ausprobieren bereit.<\/p>\n<p>Auch der Wettergott war bestens gestimmt und so wunderte es nicht, dass viele l\u00e4nger blieben und auch am Abend zum &#8222;Tanz hinter der Feuerwache&#8220; noch so einiges los war. Erfolgreich verlief der Tag auch f\u00fcr den &#8222;Verein zur F\u00f6rderung des Brandschutzes in der Stadt Egeln e.V.&#8220;, dem F\u00f6rderverein der Egelner Feuerwehr. Ganze acht Beitrittsbekundungen wurden beim Vorstand abgegeben und die entsprechenden Mitgliedsantr\u00e4ge ausgef\u00fcllt. Das freut uns nat\u00fcrlich besonders, denn mit den Vereinsmitteln kann die Arbeit der Feuerwehr Egeln zus\u00e4tzlich unterst\u00fctzt werden!<\/p>\n<p>Wie immer ist so ein Ereignis nicht zu stemmen, wenn es nicht so viele Unterst\u00fctzer, Helfer und Sponsoren g\u00e4be, die der Feuerwehr Egeln immer wieder zu Seite stehen. An erster Stelle ist nat\u00fcrlich allen Feuerwehrkameradinnen und -kameraden zu danken, die bei den Vorbereitungen, der Durchf\u00fchrung und den Nachbereitungen des Tages der offenen T\u00fcr tatkr\u00e4ftig geholfen haben.<\/p>\n<p>Des Weiteren m\u00f6chten wir folgenden Personen, Institutionen, Firmen und Vereinen ein gro\u00dfes Dankesch\u00f6n f\u00fcr das Mitwirken und die Unterst\u00fctzung aussprechen:<\/p>\n<ul>\n<li>Discothek &#8222;Wilde Zicke&#8220; Egeln<\/li>\n<li>Tankstelle Hense Egeln-Nord<\/li>\n<li>Firma Wermuth Egeln<\/li>\n<li>Dachdeckerbetrieb Kunze Egeln<\/li>\n<li>Bartholom\u00e4us Elektro GmbH Egeln<\/li>\n<li>Firma Pr\u00fc\u00dfner Aschersleben<\/li>\n<li>Stadt Egeln &#8211; Verbandsgemeinde<\/li>\n<li>Druckerei Lohmann<\/li>\n<li>P\u00e4chtergemeinschaft Westeregeln<\/li>\n<li>Michael St\u00f6hr<\/li>\n<li>Sch\u00fctzenverein SV Bleckendorf der Stadt Egeln<\/li>\n<li>Egelner Sportverein ESV Germania<\/li>\n<\/ul>\n<p>Nachfolgend haben als kleine Nachlese ein paar Bilder unseres Tages der offenen T\u00fcr zusammengestellt.<\/p>\n<p>Auch eine Pr\u00e4sentation eines Fettbrandes wurde gezeigt.<br \/>\nDas Video dazu ist hier zu sehen:<\/p>\n<p>[\/vc_column_text][\/vc_column][\/vc_row][vc_row][vc_column][vc_video link=&#8220;https:\/\/youtu.be\/xPVBav_JNOo&#8220; align=&#8220;center&#8220;][\/vc_column][\/vc_row]<\/p>\n<\/div> ","protected":false},"excerpt":{"rendered":"<p>[vc_row][vc_column][vc_column_text] Es ist nun schon wieder ein paar Tage her, dass wir am Samstag den 31. August 2024 einen Tag der offenen T\u00fcr in der Feuerwache in der Worthstra\u00dfe durchgef\u00fchrt haben. Zahlreiche B\u00fcrgerinnen und B\u00fcrger und vor allem viele Kinder sind unserem Aufruf gefolgt und haben einen sch\u00f6nen Tag bei ihrer Feuerwehr verbracht. An Programm wurden eine Menge Punkte geboten,&#8230;<\/p>\n","protected":false},"author":2,"featured_media":2355,"comment_status":"closed","ping_status":"closed","sticky":false,"template":"","format":"standard","meta":{"_acf_changed":false,"pgc_sgb_lightbox_settings":"","footnotes":""},"categories":[1,13,14,15],"tags":[],"class_list":["post-2330","post","type-post","status-publish","format-standard","has-post-thumbnail","hentry","category-aktuelles","category-aktuelles-jugendfeuerwehr","category-aktuelles-kinderfeuerwehr","category-akuelles-foerderverein"],"acf":[],"_links":{"self":[{"href":"https:\/\/feuerwehr-egeln.de\/index.php?rest_route=\/wp\/v2\/posts\/2330","targetHints":{"allow":["GET"]}}],"collection":[{"href":"https:\/\/feuerwehr-egeln.de\/index.php?rest_route=\/wp\/v2\/posts"}],"about":[{"href":"https:\/\/feuerwehr-egeln.de\/index.php?rest_route=\/wp\/v2\/types\/post"}],"author":[{"embeddable":true,"href":"https:\/\/feuerwehr-egeln.de\/index.php?rest_route=\/wp\/v2\/users\/2"}],"replies":[{"embeddable":true,"href":"https:\/\/feuerwehr-egeln.de\/index.php?rest_route=%2Fwp%2Fv2%2Fcomments&post=2330"}],"version-history":[{"count":12,"href":"https:\/\/feuerwehr-egeln.de\/index.php?rest_route=\/wp\/v2\/posts\/2330\/revisions"}],"predecessor-version":[{"id":2376,"href":"https:\/\/feuerwehr-egeln.de\/index.php?rest_route=\/wp\/v2\/posts\/2330\/revisions\/2376"}],"wp:featuredmedia":[{"embeddable":true,"href":"https:\/\/feuerwehr-egeln.de\/index.php?rest_route=\/wp\/v2\/media\/2355"}],"wp:attachment":[{"href":"https:\/\/feuerwehr-egeln.de\/index.php?rest_route=%2Fwp%2Fv2%2Fmedia&parent=2330"}],"wp:term":[{"taxonomy":"category","embeddable":true,"href":"https:\/\/feuerwehr-egeln.de\/index.php?rest_route=%2Fwp%2Fv2%2Fcategories&post=2330"},{"taxonomy":"post_tag","embeddable":true,"href":"https:\/\/feuerwehr-egeln.de\/index.php?rest_route=%2Fwp%2Fv2%2Ftags&post=2330"}],"curies":[{"name":"wp","href":"https:\/\/api.w.org\/{rel}","templated":true}]}}