{"id":2522,"date":"2024-12-06T13:45:14","date_gmt":"2024-12-06T12:45:14","guid":{"rendered":"https:\/\/feuerwehr-egeln.de\/?p=2522"},"modified":"2024-12-06T13:45:15","modified_gmt":"2024-12-06T12:45:15","slug":"am-10-dezember-2024-kommt-zu-uns-zum-lebendigen-adventskalender","status":"publish","type":"post","link":"https:\/\/feuerwehr-egeln.de\/?p=2522","title":{"rendered":"Am 10. Dezember 2024: Kommt zu uns zum lebendigen Adventskalender"},"content":{"rendered":"\n<p class=\"wp-block-paragraph\">Die Feuerwehr Egeln und der Verein zur F\u00f6rderung des Brandschutzes in der Stadt Egeln e.V. laden alle B\u00fcrgerinnen und B\u00fcrger herzlich ein, am Dienstag den 10. Dezember 2024 ab 18 Uhr zu uns in die Feuerwache in der Worthstra\u00dfe zu kommen. Dort findet wieder unser Termin des &#8222;Lebendigen Adventskalenders&#8220; der Stadt Egeln statt.<\/p>\n\n\n\n<p class=\"wp-block-paragraph\">Wir freuen uns auf gemeinsam gesungene Weihnachtslieder bei Punsch und Schmalzbroten. Gesanglich werden uns dabei wieder Mitglieder des Egelner Kammerchores &#8222;Young Voices&#8220; profim\u00e4\u00dfig unterst\u00fctzen. F\u00fcr die Versorgung sorgen wir. <\/p>\n\n\n\n<p class=\"wp-block-paragraph\">Wir freuen uns auf Euch \/ Sie und einen sch\u00f6nen gemeinsamen vorweihnachtlichen Abend!<\/p>\n\n\n\n<p class=\"wp-block-paragraph\">  <\/p>\n ","protected":false},"excerpt":{"rendered":"<p>Die Feuerwehr Egeln und der Verein zur F\u00f6rderung des Brandschutzes in der Stadt Egeln e.V. laden alle B\u00fcrgerinnen und B\u00fcrger herzlich ein, am Dienstag den 10. Dezember 2024 ab 18 Uhr zu uns in die Feuerwache in der Worthstra\u00dfe zu kommen. Dort findet wieder unser Termin des &#8222;Lebendigen Adventskalenders&#8220; der Stadt Egeln statt. Wir freuen uns auf gemeinsam gesungene Weihnachtslieder&#8230;<\/p>\n","protected":false},"author":1,"featured_media":2523,"comment_status":"closed","ping_status":"closed","sticky":false,"template":"","format":"standard","meta":{"_acf_changed":false,"pgc_sgb_lightbox_settings":"","footnotes":""},"categories":[1,15],"tags":[],"class_list":["post-2522","post","type-post","status-publish","format-standard","has-post-thumbnail","hentry","category-aktuelles","category-akuelles-foerderverein"],"acf":[],"_links":{"self":[{"href":"https:\/\/feuerwehr-egeln.de\/index.php?rest_route=\/wp\/v2\/posts\/2522","targetHints":{"allow":["GET"]}}],"collection":[{"href":"https:\/\/feuerwehr-egeln.de\/index.php?rest_route=\/wp\/v2\/posts"}],"about":[{"href":"https:\/\/feuerwehr-egeln.de\/index.php?rest_route=\/wp\/v2\/types\/post"}],"author":[{"embeddable":true,"href":"https:\/\/feuerwehr-egeln.de\/index.php?rest_route=\/wp\/v2\/users\/1"}],"replies":[{"embeddable":true,"href":"https:\/\/feuerwehr-egeln.de\/index.php?rest_route=%2Fwp%2Fv2%2Fcomments&post=2522"}],"version-history":[{"count":2,"href":"https:\/\/feuerwehr-egeln.de\/index.php?rest_route=\/wp\/v2\/posts\/2522\/revisions"}],"predecessor-version":[{"id":2526,"href":"https:\/\/feuerwehr-egeln.de\/index.php?rest_route=\/wp\/v2\/posts\/2522\/revisions\/2526"}],"wp:featuredmedia":[{"embeddable":true,"href":"https:\/\/feuerwehr-egeln.de\/index.php?rest_route=\/wp\/v2\/media\/2523"}],"wp:attachment":[{"href":"https:\/\/feuerwehr-egeln.de\/index.php?rest_route=%2Fwp%2Fv2%2Fmedia&parent=2522"}],"wp:term":[{"taxonomy":"category","embeddable":true,"href":"https:\/\/feuerwehr-egeln.de\/index.php?rest_route=%2Fwp%2Fv2%2Fcategories&post=2522"},{"taxonomy":"post_tag","embeddable":true,"href":"https:\/\/feuerwehr-egeln.de\/index.php?rest_route=%2Fwp%2Fv2%2Ftags&post=2522"}],"curies":[{"name":"wp","href":"https:\/\/api.w.org\/{rel}","templated":true}]}}