{"id":2911,"date":"2025-11-17T09:19:12","date_gmt":"2025-11-17T08:19:12","guid":{"rendered":"https:\/\/feuerwehr-egeln.de\/?p=2911"},"modified":"2025-11-17T09:19:15","modified_gmt":"2025-11-17T08:19:15","slug":"gedenken-zum-volkstrauertrag","status":"publish","type":"post","link":"https:\/\/feuerwehr-egeln.de\/?p=2911","title":{"rendered":"Gedenken zum Volkstrauertrag"},"content":{"rendered":"\n<p>Am Volkstrauertag am vergangenen Sonntag den 16.11.2025 gedachten Kameradinnen und Kameraden der Feuerwehr Egeln gemeinsam mit Vertreterinnen und Vertretern der Kirche, der Kommunalpolitik, B\u00fcrgermeister Reinhard Luckner sowie B\u00fcrgerinnen und B\u00fcrgern gemeinsam der Opfer von Kriegen und Gewalt. An den Mahnmalen auf dem Egelner Friedhof und dem Friedhof in Egeln-Nord fanden Kranzniederlegungen statt. Erinnert wurde auch an die verstorbenen Feuerwehrleute. Am Gedenkstein der Egelner Feuerwehr auf dem Friedhof in Egeln wurde daf\u00fcr ebenfalls ein Kranz niedergelegt.  <\/p>\n ","protected":false},"excerpt":{"rendered":"<p>Am Volkstrauertag am vergangenen Sonntag den 16.11.2025 gedachten Kameradinnen und Kameraden der Feuerwehr Egeln gemeinsam mit Vertreterinnen und Vertretern der Kirche, der Kommunalpolitik, B\u00fcrgermeister Reinhard Luckner sowie B\u00fcrgerinnen und B\u00fcrgern gemeinsam der Opfer von Kriegen und Gewalt. An den Mahnmalen auf dem Egelner Friedhof und dem Friedhof in Egeln-Nord fanden Kranzniederlegungen statt. Erinnert wurde auch an die verstorbenen Feuerwehrleute. Am&#8230;<\/p>\n","protected":false},"author":2,"featured_media":2913,"comment_status":"closed","ping_status":"closed","sticky":false,"template":"","format":"standard","meta":{"_acf_changed":false,"pgc_sgb_lightbox_settings":"","footnotes":""},"categories":[1],"tags":[],"class_list":["post-2911","post","type-post","status-publish","format-standard","has-post-thumbnail","hentry","category-aktuelles"],"acf":[],"_links":{"self":[{"href":"https:\/\/feuerwehr-egeln.de\/index.php?rest_route=\/wp\/v2\/posts\/2911","targetHints":{"allow":["GET"]}}],"collection":[{"href":"https:\/\/feuerwehr-egeln.de\/index.php?rest_route=\/wp\/v2\/posts"}],"about":[{"href":"https:\/\/feuerwehr-egeln.de\/index.php?rest_route=\/wp\/v2\/types\/post"}],"author":[{"embeddable":true,"href":"https:\/\/feuerwehr-egeln.de\/index.php?rest_route=\/wp\/v2\/users\/2"}],"replies":[{"embeddable":true,"href":"https:\/\/feuerwehr-egeln.de\/index.php?rest_route=%2Fwp%2Fv2%2Fcomments&post=2911"}],"version-history":[{"count":2,"href":"https:\/\/feuerwehr-egeln.de\/index.php?rest_route=\/wp\/v2\/posts\/2911\/revisions"}],"predecessor-version":[{"id":2919,"href":"https:\/\/feuerwehr-egeln.de\/index.php?rest_route=\/wp\/v2\/posts\/2911\/revisions\/2919"}],"wp:featuredmedia":[{"embeddable":true,"href":"https:\/\/feuerwehr-egeln.de\/index.php?rest_route=\/wp\/v2\/media\/2913"}],"wp:attachment":[{"href":"https:\/\/feuerwehr-egeln.de\/index.php?rest_route=%2Fwp%2Fv2%2Fmedia&parent=2911"}],"wp:term":[{"taxonomy":"category","embeddable":true,"href":"https:\/\/feuerwehr-egeln.de\/index.php?rest_route=%2Fwp%2Fv2%2Fcategories&post=2911"},{"taxonomy":"post_tag","embeddable":true,"href":"https:\/\/feuerwehr-egeln.de\/index.php?rest_route=%2Fwp%2Fv2%2Ftags&post=2911"}],"curies":[{"name":"wp","href":"https:\/\/api.w.org\/{rel}","templated":true}]}}