{"id":3170,"date":"2026-08-31T16:58:44","date_gmt":"2026-08-31T14:58:44","guid":{"rendered":"https:\/\/feuerwehr-egeln.de\/?p=3170"},"modified":"2026-08-31T16:59:28","modified_gmt":"2026-08-31T14:59:28","slug":"seit-160-jahren-fuer-alle-dafeuerwehr-egeln-feiert-am-12-september-2026-jubilaeum","status":"publish","type":"post","link":"https:\/\/feuerwehr-egeln.de\/?p=3170","title":{"rendered":"Seit 160 Jahren f\u00fcr alle da:Feuerwehr Egeln feiert am 12. September 2026 Jubil\u00e4um"},"content":{"rendered":"\n<p class=\"wp-block-paragraph\">Die Freiwillige Feuerwehr Egeln feiert ein stolzes Jubil\u00e4um: Seit 160 Jahren helfen die Feuerwehrleute in allen erdenklichen Notlagen. Damit ist sie eine der \u00e4ltesten Feuerwehren Sachsen-Anhalts. Die Egelner Feuerwehr steht seit jeher f\u00fcr Sicherheit, Einsatzbereitschaft und Gemeinschaft.<\/p>\n\n\n\n<p class=\"wp-block-paragraph\">Die Festivit\u00e4ten beginnen mit einer internen Feierstunde am 11. September 2026 in der Aula der Gemeinschaftsschule (mit Einladung).<br>Alle B\u00fcrgerinnen und B\u00fcrger sowie G\u00e4ste aus nah und fern l\u00e4dt die Feuerwehr am Samstag, den 12. September 2026 zu einem gro\u00dfen Tag der offenen T\u00fcr auf das Feuerwehrgel\u00e4nde an der Worthstra\u00dfe 7b ein.<\/p>\n\n\n\n<p class=\"wp-block-paragraph\">Ein buntes Programm f\u00fcr die ganze Familie<br>Der Jubil\u00e4umstag am 12. September startet um 13:30 Uhr mit einem feierlichen Festumzug, der bis 14:30 Uhr durch Egeln zieht.<br>Im Anschluss \u00f6ffnet ab 14:30 Uhr das Feuerwehrgel\u00e4nde seine Tore f\u00fcr ein abwechslungsreiches Familienprogramm:<\/p>\n\n\n\n<ul class=\"wp-block-list\">\n<li>Kinder- und Jugendfeuerwehr: Spiel und Spa\u00df zum Mitmachen f\u00fcr die kleinen Nachwuchsfeuerwehrleute und die, die es mal werden wollen.<\/li>\n\n\n\n<li>Mitmachstationen wie Bogenschie\u00dfen, Torwandschie\u00dfen und Laserschie\u00dfen<\/li>\n\n\n\n<li>Unterhaltung &amp; Highlights: Eine H\u00fcpfburg f\u00fcr Kinder sowie eine Tombola mit attraktiven Preisen.<\/li>\n\n\n\n<li>Technik zum Anfassen: Einblicke in die Arbeit und den Fuhrpark der Feuerwehr Egeln.<\/li>\n<\/ul>\n\n\n\n<p class=\"wp-block-paragraph\">Leckere Verpflegung &amp; Abendveranstaltung<br>Auch f\u00fcr das leibliche Wohl ist bestens gesorgt: Das Team der \u201eWilden Zicke Egeln\u201c sowie die Feldk\u00fcche aus Unseburg verk\u00f6stigen die Besucher mit Herzhaftem und Erfrischungen.<br>Ab 19:00 Uhr beginnt der gesellige Teil: Beim \u201eTanz hinter der Feuerwehr\u201c kann unter freiem Himmel bis in die Nacht gefeiert, getanzt und gequatscht werden.<\/p>\n\n\n\n<p class=\"wp-block-paragraph\">Starke Unterst\u00fctzung aus der Region<br>Die Feuerwehr Egeln bedankt sich herzlich bei den unterst\u00fctzenden Vereinen und Partnern, darunter dem Team der Wilden Zicke, dem Verein zur F\u00f6rderung des Brandschutzes in der Stadt Egeln e.V., dem Egelner Sportverein ESV Germania, dem Sch\u00fctzenverein Bleckendorf der Stadt Egeln e.V. sowie der F\u00f6rderverein Wasserburg Egeln e.V.<\/p>\n\n\n\n<p class=\"wp-block-paragraph\">Das Programm im \u00dcberblick:<br>\ud83c\udf89 160 Jahre Feuerwehr Egeln \u2013 Feiert mit uns! \ud83d\ude92\ud83d\udd25<br>\ud83d\uddd3\ufe0f Wann? Samstag, 12. September 2026<br>\ud83d\udccd Wo? Feuerwehrger\u00e4tehaus, Worthstra\u00dfe 7b, Egeln<br>\u23f0 13:30 \u2013 14:30 Uhr: Gro\u00dfer Festumzug durch Egeln \ud83d\ude9c\ud83d\ude92<br>\u23f0 Ab 14:30 Uhr: Buntes Programm f\u00fcr Gro\u00df &amp; Klein<\/p>\n\n\n\n<ul class=\"wp-block-list\">\n<li>\ud83e\uddd2 Spiel &amp; Spa\u00df mit unserer Kinder- und Jugendfeuerwehr<\/li>\n\n\n\n<li>\ud83c\udff9Bogenschie\u00dfen mit dem F\u00f6rderverein Wasserburg, \ud83e\udd45Torwandschie\u00dfen mit dem Sportverein, \ud83d\udd2bLaserschie\u00dfen mit dem Sch\u00fctzenverein<\/li>\n\n\n\n<li>\ud83c\udff0 H\u00fcpfburg<\/li>\n\n\n\n<li>\ud83c\udf9f\ufe0f Tombola<\/li>\n\n\n\n<li>\ud83d\ude92 Einsatzfahrzeuge &amp; Technik hautnah<br>\ud83d\udc83 Ab 19:00 Uhr: \u201eTanz hinter der Feuerwehr\u201c \u2013 gemeinsam feiern, quatschen und den Abend ausklingen lassen! \ud83c\udfb6\ud83c\udf7b<\/li>\n<\/ul>\n\n\n\n<p class=\"wp-block-paragraph\">Hinweis: \u00c4nderungen im Ablauf sind vorbehalten.<\/p>\n\n\n\n<p class=\"wp-block-paragraph\">\u2764\ufe0f Kommt vorbei und feiert 160 Jahre Ehrenamt und Gemeinschaft mit uns! Wir freuen uns auf euch!<\/p>\n ","protected":false},"excerpt":{"rendered":"<p>Die Freiwillige Feuerwehr Egeln feiert ein stolzes Jubil\u00e4um: Seit 160 Jahren helfen die Feuerwehrleute in allen erdenklichen Notlagen. Damit ist sie eine der \u00e4ltesten Feuerwehren Sachsen-Anhalts. Die Egelner Feuerwehr steht seit jeher f\u00fcr Sicherheit, Einsatzbereitschaft und Gemeinschaft. Die Festivit\u00e4ten beginnen mit einer internen Feierstunde am 11. September 2026 in der Aula der Gemeinschaftsschule (mit Einladung).Alle B\u00fcrgerinnen und B\u00fcrger sowie G\u00e4ste&#8230;<\/p>\n","protected":false},"author":1,"featured_media":3171,"comment_status":"closed","ping_status":"closed","sticky":true,"template":"","format":"standard","meta":{"_acf_changed":false,"pgc_sgb_lightbox_settings":"","footnotes":""},"categories":[1,13,14,15],"tags":[],"class_list":["post-3170","post","type-post","status-publish","format-standard","has-post-thumbnail","hentry","category-aktuelles","category-aktuelles-jugendfeuerwehr","category-aktuelles-kinderfeuerwehr","category-akuelles-foerderverein"],"acf":[],"_links":{"self":[{"href":"https:\/\/feuerwehr-egeln.de\/index.php?rest_route=\/wp\/v2\/posts\/3170","targetHints":{"allow":["GET"]}}],"collection":[{"href":"https:\/\/feuerwehr-egeln.de\/index.php?rest_route=\/wp\/v2\/posts"}],"about":[{"href":"https:\/\/feuerwehr-egeln.de\/index.php?rest_route=\/wp\/v2\/types\/post"}],"author":[{"embeddable":true,"href":"https:\/\/feuerwehr-egeln.de\/index.php?rest_route=\/wp\/v2\/users\/1"}],"replies":[{"embeddable":true,"href":"https:\/\/feuerwehr-egeln.de\/index.php?rest_route=%2Fwp%2Fv2%2Fcomments&post=3170"}],"version-history":[{"count":1,"href":"https:\/\/feuerwehr-egeln.de\/index.php?rest_route=\/wp\/v2\/posts\/3170\/revisions"}],"predecessor-version":[{"id":3172,"href":"https:\/\/feuerwehr-egeln.de\/index.php?rest_route=\/wp\/v2\/posts\/3170\/revisions\/3172"}],"wp:featuredmedia":[{"embeddable":true,"href":"https:\/\/feuerwehr-egeln.de\/index.php?rest_route=\/wp\/v2\/media\/3171"}],"wp:attachment":[{"href":"https:\/\/feuerwehr-egeln.de\/index.php?rest_route=%2Fwp%2Fv2%2Fmedia&parent=3170"}],"wp:term":[{"taxonomy":"category","embeddable":true,"href":"https:\/\/feuerwehr-egeln.de\/index.php?rest_route=%2Fwp%2Fv2%2Fcategories&post=3170"},{"taxonomy":"post_tag","embeddable":true,"href":"https:\/\/feuerwehr-egeln.de\/index.php?rest_route=%2Fwp%2Fv2%2Ftags&post=3170"}],"curies":[{"name":"wp","href":"https:\/\/api.w.org\/{rel}","templated":true}]}}