{"id":992,"date":"2021-08-26T13:50:43","date_gmt":"2021-08-26T11:50:43","guid":{"rendered":"https:\/\/feuerwehr-egeln.de\/?p=992"},"modified":"2021-08-26T14:11:55","modified_gmt":"2021-08-26T12:11:55","slug":"kinderfeuerwehr-endlich-wieder-dienste","status":"publish","type":"post","link":"https:\/\/feuerwehr-egeln.de\/?p=992","title":{"rendered":"Kinderfeuerwehr: Endlich wieder Dienste"},"content":{"rendered":"<div class=\"wpb-content-wrapper\"><p>[vc_row][vc_column][vc_column_text]Drei Mal haben wir uns nun schon wieder getroffen: Wir, die Mitglieder der Kinderfeuerwehr, die j\u00fcngste Nachwuchsabteilung der Feuerwehr Egeln. Eine lange entbehrungsreiche Zeit liegt hinter uns. Die vielen wegen Corona ausgefallenen Treffen der Kinderfeuerwehr und die fehlenden Kontakte miteinander haben allen zugesetzt.<\/p>\n<p>Jetzt ist aber endlich soweit und die Dienste k\u00f6nnen wieder stattfinden. Vergangenen Samstag trafen wir uns und haben etwas \u00fcber die Feuerwehrtechnik unseres L\u00f6schgruppenfahrzeuges LF 20 gelernt. Dabei durften wir sogar \u00fcben, wie man mit dem Fahrzeug einen Fl\u00e4chenbrand l\u00f6scht, wie auf dem Bild zu sehen &#8211; nat\u00fcrlich vorsichtig unter enger Anleitung und Betreuung der erwachsenen Feuerwehrleute.<\/p>\n<p><br \/>\nDen neuen Dienstplan f\u00fcr unsere Kinderfeuerwehr k\u00f6nnt ihr \u00fcbrigens hier anschauen:<!-- \/wp:post-content -->[\/vc_column_text][\/vc_column][\/vc_row][vc_row][vc_column][vc_tta_accordion active_section=&#8220;99&#8243; collapsible_all=&#8220;true&#8220;][vc_tta_section title=&#8220;Dienstplan&#8220; tab_id=&#8220;1629976517375-a2783d41-45c4&#8243;][vc_column_text]\n<div\n    class='wp-block-pdfp-pdf-poster  alignnone'\n    id='block-2'\n    data-attributes='{&quot;uniqueId&quot;:&quot;pdfp1&quot;,&quot;file&quot;:&quot;https:\\\/\\\/feuerwehr-egeln.de\\\/wp-content\\\/uploads\\\/2020\\\/09\\\/Dienstplan_KF-JF_Januar-Maerz-26.pdf&quot;,&quot;title&quot;:&quot;Ausbildungsplan KF+JF&quot;,&quot;height&quot;:&quot;1122px&quot;,&quot;width&quot;:&quot;100%&quot;,&quot;print&quot;:true,&quot;fullscreenButton&quot;:&quot;1&quot;,&quot;newWindow&quot;:false,&quot;showName&quot;:false,&quot;downloadButton&quot;:false,&quot;downloadButtonText&quot;:&quot;Download File&quot;,&quot;protect&quot;:false,&quot;onlyPDF&quot;:false,&quot;defaultBrowser&quot;:false,&quot;thumbMenu&quot;:false,&quot;initialPage&quot;:0,&quot;sidebarOpen&quot;:false,&quot;lastVersion&quot;:false,&quot;hrScroll&quot;:0,&quot;alert&quot;:true,&quot;btnStyles&quot;:{&quot;background&quot;:&quot;#1e73be&quot;,&quot;color&quot;:&quot;#fff&quot;,&quot;fontSize&quot;:&quot;1rem&quot;,&quot;padding&quot;:{&quot;top&quot;:10,&quot;right&quot;:20,&quot;bottom&quot;:10,&quot;left&quot;:10}},&quot;popupOptions&quot;:{&quot;enabled&quot;:0,&quot;text&quot;:&quot;Open PDF&quot;,&quot;triggerType&quot;:&quot;button&quot;,&quot;image&quot;:&quot;&quot;,&quot;imageHeight&quot;:&quot;200px&quot;,&quot;imageWidth&quot;:&quot;300px&quot;,&quot;imagePdfIcon&quot;:true,&quot;triggerAlignment&quot;:&quot;center&quot;,&quot;btnStyle&quot;:{&quot;background&quot;:&quot;#1e73be&quot;,&quot;color&quot;:&quot;#fff&quot;,&quot;fontSize&quot;:&quot;1rem&quot;,&quot;padding&quot;:{&quot;top&quot;:10,&quot;right&quot;:20,&quot;bottom&quot;:10,&quot;left&quot;:10}}},&quot;actionsPosition&quot;:&quot;top&quot;,&quot;socialShare&quot;:{&quot;enabled&quot;:false,&quot;facebook&quot;:true,&quot;twitter&quot;:true,&quot;linkedin&quot;:true,&quot;pinterest&quot;:true,&quot;position&quot;:&quot;top&quot;},&quot;adobeEmbedder&quot;:false,&quot;align&quot;:&quot;none&quot;,&quot;alignment&quot;:&quot;left&quot;,&quot;titleFontSize&quot;:&quot;16px&quot;,&quot;fullscreenButtonText&quot;:&quot;View Fullscreen&quot;,&quot;isHideRightToolbar&quot;:false,&quot;additional&quot;:{&quot;ID&quot;:&quot;&quot;,&quot;Class&quot;:&quot;&quot;,&quot;CSS&quot;:&quot;&quot;},&quot;adobeOptions&quot;:{&quot;showDownloadPDF&quot;:true,&quot;showPrintPDF&quot;:true,&quot;showAnnotationTools&quot;:true,&quot;showFullScreen&quot;:false,&quot;embedMode&quot;:&quot;SIZED_CONTAINER&quot;},&quot;popupBtnStyle&quot;:{&quot;background&quot;:&quot;#2271b1&quot;,&quot;color&quot;:&quot;#fff&quot;,&quot;padding&quot;:{&quot;top&quot;:10,&quot;right&quot;:20,&quot;bottom&quot;:10,&quot;left&quot;:10}},&quot;popupBtnText&quot;:&quot;Open Document&quot;,&quot;CSS&quot;:&quot;&quot;,&quot;isPremium&quot;:false}'\n    style=\"text-align: left\">\n    \n        <iframe loading=\"lazy\" title=\"Ausbildungsplan KF+JF\" style=\"border:0;\" width=\"100%\" height=\"800px\" class=\"pdfp_unsupported_frame\" src=\"\/\/docs.google.com\/gview?embedded=true&url=https:\/\/feuerwehr-egeln.de\/wp-content\/uploads\/2020\/09\/Dienstplan_KF-JF_Januar-Maerz-26.pdf\"><\/iframe>\n\n    <\/div>\n[\/vc_column_text][\/vc_tta_section][\/vc_tta_accordion][\/vc_column][\/vc_row]<\/p>\n<\/div> ","protected":false},"excerpt":{"rendered":"<p>[vc_row][vc_column][vc_column_text]Drei Mal haben wir uns nun schon wieder getroffen: Wir, die Mitglieder der Kinderfeuerwehr, die j\u00fcngste Nachwuchsabteilung der Feuerwehr Egeln. Eine lange entbehrungsreiche Zeit liegt hinter uns. Die vielen wegen Corona ausgefallenen Treffen der Kinderfeuerwehr und die fehlenden Kontakte miteinander haben allen zugesetzt. Jetzt ist aber endlich soweit und die Dienste k\u00f6nnen wieder stattfinden. Vergangenen Samstag trafen wir uns und&#8230;<\/p>\n","protected":false},"author":2,"featured_media":982,"comment_status":"open","ping_status":"open","sticky":false,"template":"","format":"standard","meta":{"_acf_changed":false,"pgc_sgb_lightbox_settings":"","footnotes":""},"categories":[14,12],"tags":[],"class_list":["post-992","post","type-post","status-publish","format-standard","has-post-thumbnail","hentry","category-aktuelles-kinderfeuerwehr","category-bilder"],"acf":[],"_links":{"self":[{"href":"https:\/\/feuerwehr-egeln.de\/index.php?rest_route=\/wp\/v2\/posts\/992","targetHints":{"allow":["GET"]}}],"collection":[{"href":"https:\/\/feuerwehr-egeln.de\/index.php?rest_route=\/wp\/v2\/posts"}],"about":[{"href":"https:\/\/feuerwehr-egeln.de\/index.php?rest_route=\/wp\/v2\/types\/post"}],"author":[{"embeddable":true,"href":"https:\/\/feuerwehr-egeln.de\/index.php?rest_route=\/wp\/v2\/users\/2"}],"replies":[{"embeddable":true,"href":"https:\/\/feuerwehr-egeln.de\/index.php?rest_route=%2Fwp%2Fv2%2Fcomments&post=992"}],"version-history":[{"count":7,"href":"https:\/\/feuerwehr-egeln.de\/index.php?rest_route=\/wp\/v2\/posts\/992\/revisions"}],"predecessor-version":[{"id":1007,"href":"https:\/\/feuerwehr-egeln.de\/index.php?rest_route=\/wp\/v2\/posts\/992\/revisions\/1007"}],"wp:featuredmedia":[{"embeddable":true,"href":"https:\/\/feuerwehr-egeln.de\/index.php?rest_route=\/wp\/v2\/media\/982"}],"wp:attachment":[{"href":"https:\/\/feuerwehr-egeln.de\/index.php?rest_route=%2Fwp%2Fv2%2Fmedia&parent=992"}],"wp:term":[{"taxonomy":"category","embeddable":true,"href":"https:\/\/feuerwehr-egeln.de\/index.php?rest_route=%2Fwp%2Fv2%2Fcategories&post=992"},{"taxonomy":"post_tag","embeddable":true,"href":"https:\/\/feuerwehr-egeln.de\/index.php?rest_route=%2Fwp%2Fv2%2Ftags&post=992"}],"curies":[{"name":"wp","href":"https:\/\/api.w.org\/{rel}","templated":true}]}}